{"id":55439,"date":"2023-04-03T11:03:14","date_gmt":"2023-04-03T09:03:14","guid":{"rendered":"https:\/\/pharma-trend.com\/en\/wyss-center-geneva-appoints-erwin-bottinger-as-new-chief-executive-officer\/"},"modified":"2023-04-03T11:03:14","modified_gmt":"2023-04-03T09:03:14","slug":"wyss-center-geneva-appoints-erwin-bottinger-as-new-chief-executive-officer","status":"publish","type":"post","link":"https:\/\/pharma-trend.com\/en\/wyss-center-geneva-appoints-erwin-bottinger-as-new-chief-executive-officer\/","title":{"rendered":"Wyss Center Geneva Appoints Erwin B\u00f6ttinger as new Chief Executive Officer"},"content":{"rendered":"<div>\n<p>GENEVA&#8211;(BUSINESS WIRE)&#8211;<a href=\"https:\/\/twitter.com\/hashtag\/BCI?src=hash\" target=\"_blank\" rel=\"noopener\">#BCI<\/a>&#8211;The Executive Board of the Wyss Center for Bio and Neuroengineering, a non-profit research center, is pleased to announce the appointment of Prof. Dr. med. Erwin B\u00f6ttinger as its new Chief Executive Officer (CEO).<\/p>\n<p><a href=\"https:\/\/mms.businesswire.com\/media\/20230331005252\/en\/1753005\/5\/Erwin_B%C3%B6ttinger_1_Wyss_Center.jpg\"><img decoding=\"async\" src=\"https:\/\/mms.businesswire.com\/media\/20230331005252\/en\/1753005\/21\/Erwin_B%C3%B6ttinger_1_Wyss_Center.jpg\"><\/a><br \/><a href=\"https:\/\/mms.businesswire.com\/media\/20230331005252\/en\/1753009\/5\/wyss-center-default.jpg\"><img decoding=\"async\" src=\"https:\/\/mms.businesswire.com\/media\/20230331005252\/en\/1753009\/21\/wyss-center-default.jpg\"><\/a><\/p>\n<p>\nThe appointment follows a funding commitment of CHF 120 million from the Wyss Foundation to further strengthen the Center\u2019s mission to accelerate innovative therapies to the clinic to transform the lives of people with brain disorders.<\/p>\n<p>\nProfessor Steven E. Hyman, MD, Director, Stanley Center for Psychiatric Research at the Broad Institute and Co-Chair of the Wyss Center Executive Board: \u201cErwin is a pioneer in life science research and a visionary and experienced leader in translating promising technologies to improve patient care. Since its founding, the Wyss Center has developed strong systems to advance vital technologies to the clinic. Erwin\u2019s appointment will accelerate these translational efforts so that I look forward to seeing new diagnostics and therapies that will transform many lives in the years to come.\u201d<\/p>\n<p>\nProf. Erwin B\u00f6ttinger: \u201cI am proud and privileged to lead the Wyss Center and to focus on making a real difference to the lives of people with neurological and mental health disorders.<\/p>\n<p>\n\u201cWe have a bold plan to innovate and accelerate transformational technologies in artificial intelligence, bio- and neuroengineering to restore essential neural functions or reset abnormal neural circuits in people with devastating brain disorders. Together with our partners from the \u00c9cole Polytechnique F\u00e9d\u00e9rale de Lausanne, the University of Geneva and Geneva University Hospital, the Wyss Center is poised to catalyze the unique concentration of world-class brain health research at Campus Biotech to drive clinical breakthroughs.\u201d<\/p>\n<p>\nCampus Biotech is a neuroscience and innovation center of excellence in Geneva, Switzerland, that provides a collaborative environment in advanced research facilities, as well as space for start-ups and industrial partnerships.<\/p>\n<p>\nProf. B\u00f6ttinger has a longstanding track record in personalized medicine, with emphasis on genomics and digital technologies. Before joining the Wyss Center, he was instrumental in building the Charles Bronfman Institute for Personalized Medicine and the Hasso Plattner Institute for Digital Health at Mount Sinai, at the Icahn School of Medicine at Mount Sinai in New York City, both with a strong translational focus. He also served as founding director of the Digital Health Center at the Hasso Plattner Institute for Digital Engineering and University Potsdam, and as CEO of the Berlin Institute of Health, Berlin, Germany.<\/p>\n<p>\nProf. B\u00f6ttinger replaces Dr. Mary Tolikas who stepped down as CEO in 2022.<\/p>\n<p>\n<b>ENDS<\/b><\/p>\n<p>\n<a target=\"_blank\" href=\"https:\/\/cts.businesswire.com\/ct\/CT?id=smartlink&amp;url=https%3A%2F%2Ffondationcampusbiotech-my.sharepoint.com%2F%3Af%3A%2Fg%2Fpersonal%2Fjbowler_wysscenter_ch%2FElUCzpEHmKdAjzQHAf2GX6EBk4-DAvpA7Aup8GyjpEncsg%3Fe%3D6Ha75L&amp;esheet=53371799&amp;newsitemid=20230331005252&amp;lan=en-US&amp;anchor=Download+high+resolution+images&amp;index=1&amp;md5=fa5c9c1a1b10026f926c77b4042c809a\" rel=\"nofollow noopener\" shape=\"rect\">Download high resolution images<\/a><\/p>\n<p>\n<b>About the Wyss Center for Bio and Neuroengineering<\/b><\/p>\n<p>\nThe Wyss Center is an independent, non-profit, research organization that accelerates innovative therapies to transform the lives of people with brain disorders.<\/p>\n<p>\nThe Center pursues transformational technologies in artificial intelligence, bio- and neuroengineering to restore essential neural functions and deliver precision therapeutics for people with debilitating neurological and mental health disorders.<\/p>\n<p>\nBased at Campus Biotech in Geneva, Switzerland, the Wyss Center partners with faculty, clinicians and industry, in Switzerland and internationally, to drive innovation and maximize clinical impact.<\/p>\n<p>\nThe Wyss Center was established by a generous donation from the Swiss entrepreneur and philanthropist Hansj\u00f6rg Wyss in 2014. Additional resources from funding agencies and other sources help the Wyss Center achieve its mission.<\/p>\n<p>\n<a target=\"_blank\" href=\"https:\/\/cts.businesswire.com\/ct\/CT?id=smartlink&amp;url=http%3A%2F%2Fwww.wysscenter.ch%2F&amp;esheet=53371799&amp;newsitemid=20230331005252&amp;lan=en-US&amp;anchor=www.wysscenter.ch%2F&amp;index=2&amp;md5=518759a2cb8889e9b4feea7b6df26c24\" rel=\"nofollow noopener\" shape=\"rect\">www.wysscenter.ch\/<\/a><\/p>\n<p> <b>Contacts<\/b> <\/p>\n<p>\n<b>Wyss Center media contact<\/b><\/p>\n<p>\nJo Bowler, Communications Manager<br \/>\n<br \/>+41 (0) 58 201 03 09<br \/>\n<br \/><a target=\"_blank\" href=\"m&#97;&#105;&#x6c;&#x74;&#x6f;&#x3a;j&#111;&#104;&#97;&#x6e;&#x6e;&#x61;&#46;b&#111;&#119;&#x6c;&#x65;&#x72;&#64;w&#121;&#115;&#x73;&#x63;&#x65;nt&#101;&#114;&#x2e;&#x63;&#x68;\" rel=\"nofollow noopener\" shape=\"rect\">joh&#97;&#110;&#110;&#97;&#x2e;&#x62;&#x6f;&#x77;&#x6c;&#x65;&#x72;&#64;wy&#115;&#115;&#99;&#101;&#110;&#x74;&#x65;&#x72;&#x2e;&#x63;&#x68;<\/a><\/p>\n<\/div>\n","protected":false},"excerpt":{"rendered":"<p>GENEVA&#8211;(BUSINESS WIRE)&#8211;#BCI&#8211;The Executive Board of the Wyss Center for Bio and Neuroengineering, a non-profit research center, is pleased to announce the appointment of Prof. Dr. med. Erwin B\u00f6ttinger as its new Chief Executive Officer (CEO). The appointment follows a funding commitment of CHF 120 million from the Wyss Foundation to further strengthen the Center\u2019s mission &#8230; <span class=\"more\"><a class=\"more-link\" href=\"https:\/\/pharma-trend.com\/en\/wyss-center-geneva-appoints-erwin-bottinger-as-new-chief-executive-officer\/\">[Read more&#8230;]<\/a><\/span><\/p>\n","protected":false},"author":4,"featured_media":0,"comment_status":"closed","ping_status":"closed","sticky":false,"template":"","format":"standard","meta":{"footnotes":""},"categories":[13],"tags":[],"class_list":{"0":"entry","1":"post","2":"publish","3":"author-business","4":"post-55439","6":"format-standard","7":"category-industry"},"yoast_head":"<!-- This site is optimized with the Yoast SEO plugin v27.4 - https:\/\/yoast.com\/product\/yoast-seo-wordpress\/ -->\n<title>Wyss Center Geneva Appoints Erwin B\u00f6ttinger as new Chief Executive Officer - Pharma Trend<\/title>\n<meta name=\"robots\" content=\"index, follow, max-snippet:-1, max-image-preview:large, max-video-preview:-1\" \/>\n<link rel=\"canonical\" href=\"https:\/\/pharma-trend.com\/en\/wyss-center-geneva-appoints-erwin-bottinger-as-new-chief-executive-officer\/\" \/>\n<meta property=\"og:locale\" content=\"en_US\" \/>\n<meta property=\"og:type\" content=\"article\" \/>\n<meta property=\"og:title\" content=\"Wyss Center Geneva Appoints Erwin B\u00f6ttinger as new Chief Executive Officer - Pharma Trend\" \/>\n<meta property=\"og:description\" content=\"GENEVA&#8211;(BUSINESS WIRE)&#8211;#BCI&#8211;The Executive Board of the Wyss Center for Bio and Neuroengineering, a non-profit research center, is pleased to announce the appointment of Prof. Dr. med. Erwin B\u00f6ttinger as its new Chief Executive Officer (CEO). The appointment follows a funding commitment of CHF 120 million from the Wyss Foundation to further strengthen the Center\u2019s mission ... [Read more...]\" \/>\n<meta property=\"og:url\" content=\"https:\/\/pharma-trend.com\/en\/wyss-center-geneva-appoints-erwin-bottinger-as-new-chief-executive-officer\/\" \/>\n<meta property=\"og:site_name\" content=\"Pharma Trend\" \/>\n<meta property=\"article:published_time\" content=\"2023-04-03T09:03:14+00:00\" \/>\n<meta property=\"og:image\" content=\"https:\/\/mms.businesswire.com\/media\/20230331005252\/en\/1753005\/21\/Erwin_B%C3%B6ttinger_1_Wyss_Center.jpg\" \/>\n<meta name=\"author\" content=\"Business Wire\" \/>\n<meta name=\"twitter:card\" content=\"summary_large_image\" \/>\n<meta name=\"twitter:label1\" content=\"Written by\" \/>\n\t<meta name=\"twitter:data1\" content=\"Business Wire\" \/>\n\t<meta name=\"twitter:label2\" content=\"Est. reading time\" \/>\n\t<meta name=\"twitter:data2\" content=\"3 minutes\" \/>\n<script type=\"application\/ld+json\" class=\"yoast-schema-graph\">{\"@context\":\"https:\\\/\\\/schema.org\",\"@graph\":[{\"@type\":\"Article\",\"@id\":\"https:\\\/\\\/pharma-trend.com\\\/en\\\/wyss-center-geneva-appoints-erwin-bottinger-as-new-chief-executive-officer\\\/#article\",\"isPartOf\":{\"@id\":\"https:\\\/\\\/pharma-trend.com\\\/en\\\/wyss-center-geneva-appoints-erwin-bottinger-as-new-chief-executive-officer\\\/\"},\"author\":{\"name\":\"Business Wire\",\"@id\":\"https:\\\/\\\/pharma-trend.com\\\/en\\\/#\\\/schema\\\/person\\\/02d41342c7a74fa7f0032bb35ef0bb24\"},\"headline\":\"Wyss Center Geneva Appoints Erwin B\u00f6ttinger as new Chief Executive Officer\",\"datePublished\":\"2023-04-03T09:03:14+00:00\",\"mainEntityOfPage\":{\"@id\":\"https:\\\/\\\/pharma-trend.com\\\/en\\\/wyss-center-geneva-appoints-erwin-bottinger-as-new-chief-executive-officer\\\/\"},\"wordCount\":570,\"publisher\":{\"@id\":\"https:\\\/\\\/pharma-trend.com\\\/en\\\/#organization\"},\"image\":{\"@id\":\"https:\\\/\\\/pharma-trend.com\\\/en\\\/wyss-center-geneva-appoints-erwin-bottinger-as-new-chief-executive-officer\\\/#primaryimage\"},\"thumbnailUrl\":\"https:\\\/\\\/mms.businesswire.com\\\/media\\\/20230331005252\\\/en\\\/1753005\\\/21\\\/Erwin_B%C3%B6ttinger_1_Wyss_Center.jpg\",\"articleSection\":[\"Industry\"],\"inLanguage\":\"en-US\"},{\"@type\":\"WebPage\",\"@id\":\"https:\\\/\\\/pharma-trend.com\\\/en\\\/wyss-center-geneva-appoints-erwin-bottinger-as-new-chief-executive-officer\\\/\",\"url\":\"https:\\\/\\\/pharma-trend.com\\\/en\\\/wyss-center-geneva-appoints-erwin-bottinger-as-new-chief-executive-officer\\\/\",\"name\":\"Wyss Center Geneva Appoints Erwin B\u00f6ttinger as new Chief Executive Officer - Pharma Trend\",\"isPartOf\":{\"@id\":\"https:\\\/\\\/pharma-trend.com\\\/en\\\/#website\"},\"primaryImageOfPage\":{\"@id\":\"https:\\\/\\\/pharma-trend.com\\\/en\\\/wyss-center-geneva-appoints-erwin-bottinger-as-new-chief-executive-officer\\\/#primaryimage\"},\"image\":{\"@id\":\"https:\\\/\\\/pharma-trend.com\\\/en\\\/wyss-center-geneva-appoints-erwin-bottinger-as-new-chief-executive-officer\\\/#primaryimage\"},\"thumbnailUrl\":\"https:\\\/\\\/mms.businesswire.com\\\/media\\\/20230331005252\\\/en\\\/1753005\\\/21\\\/Erwin_B%C3%B6ttinger_1_Wyss_Center.jpg\",\"datePublished\":\"2023-04-03T09:03:14+00:00\",\"breadcrumb\":{\"@id\":\"https:\\\/\\\/pharma-trend.com\\\/en\\\/wyss-center-geneva-appoints-erwin-bottinger-as-new-chief-executive-officer\\\/#breadcrumb\"},\"inLanguage\":\"en-US\",\"potentialAction\":[{\"@type\":\"ReadAction\",\"target\":[\"https:\\\/\\\/pharma-trend.com\\\/en\\\/wyss-center-geneva-appoints-erwin-bottinger-as-new-chief-executive-officer\\\/\"]}]},{\"@type\":\"ImageObject\",\"inLanguage\":\"en-US\",\"@id\":\"https:\\\/\\\/pharma-trend.com\\\/en\\\/wyss-center-geneva-appoints-erwin-bottinger-as-new-chief-executive-officer\\\/#primaryimage\",\"url\":\"https:\\\/\\\/mms.businesswire.com\\\/media\\\/20230331005252\\\/en\\\/1753005\\\/21\\\/Erwin_B%C3%B6ttinger_1_Wyss_Center.jpg\",\"contentUrl\":\"https:\\\/\\\/mms.businesswire.com\\\/media\\\/20230331005252\\\/en\\\/1753005\\\/21\\\/Erwin_B%C3%B6ttinger_1_Wyss_Center.jpg\"},{\"@type\":\"BreadcrumbList\",\"@id\":\"https:\\\/\\\/pharma-trend.com\\\/en\\\/wyss-center-geneva-appoints-erwin-bottinger-as-new-chief-executive-officer\\\/#breadcrumb\",\"itemListElement\":[{\"@type\":\"ListItem\",\"position\":1,\"name\":\"Startseite\",\"item\":\"https:\\\/\\\/pharma-trend.com\\\/en\\\/\"},{\"@type\":\"ListItem\",\"position\":2,\"name\":\"Wyss Center Geneva Appoints Erwin B\u00f6ttinger as new Chief Executive Officer\"}]},{\"@type\":\"WebSite\",\"@id\":\"https:\\\/\\\/pharma-trend.com\\\/en\\\/#website\",\"url\":\"https:\\\/\\\/pharma-trend.com\\\/en\\\/\",\"name\":\"Pharma Trend\",\"description\":\"\",\"publisher\":{\"@id\":\"https:\\\/\\\/pharma-trend.com\\\/en\\\/#organization\"},\"potentialAction\":[{\"@type\":\"SearchAction\",\"target\":{\"@type\":\"EntryPoint\",\"urlTemplate\":\"https:\\\/\\\/pharma-trend.com\\\/en\\\/?s={search_term_string}\"},\"query-input\":{\"@type\":\"PropertyValueSpecification\",\"valueRequired\":true,\"valueName\":\"search_term_string\"}}],\"inLanguage\":\"en-US\"},{\"@type\":\"Organization\",\"@id\":\"https:\\\/\\\/pharma-trend.com\\\/en\\\/#organization\",\"name\":\"Pharma Trend\",\"url\":\"https:\\\/\\\/pharma-trend.com\\\/en\\\/\",\"logo\":{\"@type\":\"ImageObject\",\"inLanguage\":\"en-US\",\"@id\":\"https:\\\/\\\/pharma-trend.com\\\/en\\\/#\\\/schema\\\/logo\\\/image\\\/\",\"url\":\"\",\"contentUrl\":\"\",\"caption\":\"Pharma Trend\"},\"image\":{\"@id\":\"https:\\\/\\\/pharma-trend.com\\\/en\\\/#\\\/schema\\\/logo\\\/image\\\/\"}},{\"@type\":\"Person\",\"@id\":\"https:\\\/\\\/pharma-trend.com\\\/en\\\/#\\\/schema\\\/person\\\/02d41342c7a74fa7f0032bb35ef0bb24\",\"name\":\"Business Wire\"}]}<\/script>\n<!-- \/ Yoast SEO plugin. -->","yoast_head_json":{"title":"Wyss Center Geneva Appoints Erwin B\u00f6ttinger as new Chief Executive Officer - Pharma Trend","robots":{"index":"index","follow":"follow","max-snippet":"max-snippet:-1","max-image-preview":"max-image-preview:large","max-video-preview":"max-video-preview:-1"},"canonical":"https:\/\/pharma-trend.com\/en\/wyss-center-geneva-appoints-erwin-bottinger-as-new-chief-executive-officer\/","og_locale":"en_US","og_type":"article","og_title":"Wyss Center Geneva Appoints Erwin B\u00f6ttinger as new Chief Executive Officer - Pharma Trend","og_description":"GENEVA&#8211;(BUSINESS WIRE)&#8211;#BCI&#8211;The Executive Board of the Wyss Center for Bio and Neuroengineering, a non-profit research center, is pleased to announce the appointment of Prof. Dr. med. Erwin B\u00f6ttinger as its new Chief Executive Officer (CEO). The appointment follows a funding commitment of CHF 120 million from the Wyss Foundation to further strengthen the Center\u2019s mission ... [Read more...]","og_url":"https:\/\/pharma-trend.com\/en\/wyss-center-geneva-appoints-erwin-bottinger-as-new-chief-executive-officer\/","og_site_name":"Pharma Trend","article_published_time":"2023-04-03T09:03:14+00:00","og_image":[{"url":"https:\/\/mms.businesswire.com\/media\/20230331005252\/en\/1753005\/21\/Erwin_B%C3%B6ttinger_1_Wyss_Center.jpg","type":"","width":"","height":""}],"author":"Business Wire","twitter_card":"summary_large_image","twitter_misc":{"Written by":"Business Wire","Est. reading time":"3 minutes"},"schema":{"@context":"https:\/\/schema.org","@graph":[{"@type":"Article","@id":"https:\/\/pharma-trend.com\/en\/wyss-center-geneva-appoints-erwin-bottinger-as-new-chief-executive-officer\/#article","isPartOf":{"@id":"https:\/\/pharma-trend.com\/en\/wyss-center-geneva-appoints-erwin-bottinger-as-new-chief-executive-officer\/"},"author":{"name":"Business Wire","@id":"https:\/\/pharma-trend.com\/en\/#\/schema\/person\/02d41342c7a74fa7f0032bb35ef0bb24"},"headline":"Wyss Center Geneva Appoints Erwin B\u00f6ttinger as new Chief Executive Officer","datePublished":"2023-04-03T09:03:14+00:00","mainEntityOfPage":{"@id":"https:\/\/pharma-trend.com\/en\/wyss-center-geneva-appoints-erwin-bottinger-as-new-chief-executive-officer\/"},"wordCount":570,"publisher":{"@id":"https:\/\/pharma-trend.com\/en\/#organization"},"image":{"@id":"https:\/\/pharma-trend.com\/en\/wyss-center-geneva-appoints-erwin-bottinger-as-new-chief-executive-officer\/#primaryimage"},"thumbnailUrl":"https:\/\/mms.businesswire.com\/media\/20230331005252\/en\/1753005\/21\/Erwin_B%C3%B6ttinger_1_Wyss_Center.jpg","articleSection":["Industry"],"inLanguage":"en-US"},{"@type":"WebPage","@id":"https:\/\/pharma-trend.com\/en\/wyss-center-geneva-appoints-erwin-bottinger-as-new-chief-executive-officer\/","url":"https:\/\/pharma-trend.com\/en\/wyss-center-geneva-appoints-erwin-bottinger-as-new-chief-executive-officer\/","name":"Wyss Center Geneva Appoints Erwin B\u00f6ttinger as new Chief Executive Officer - Pharma Trend","isPartOf":{"@id":"https:\/\/pharma-trend.com\/en\/#website"},"primaryImageOfPage":{"@id":"https:\/\/pharma-trend.com\/en\/wyss-center-geneva-appoints-erwin-bottinger-as-new-chief-executive-officer\/#primaryimage"},"image":{"@id":"https:\/\/pharma-trend.com\/en\/wyss-center-geneva-appoints-erwin-bottinger-as-new-chief-executive-officer\/#primaryimage"},"thumbnailUrl":"https:\/\/mms.businesswire.com\/media\/20230331005252\/en\/1753005\/21\/Erwin_B%C3%B6ttinger_1_Wyss_Center.jpg","datePublished":"2023-04-03T09:03:14+00:00","breadcrumb":{"@id":"https:\/\/pharma-trend.com\/en\/wyss-center-geneva-appoints-erwin-bottinger-as-new-chief-executive-officer\/#breadcrumb"},"inLanguage":"en-US","potentialAction":[{"@type":"ReadAction","target":["https:\/\/pharma-trend.com\/en\/wyss-center-geneva-appoints-erwin-bottinger-as-new-chief-executive-officer\/"]}]},{"@type":"ImageObject","inLanguage":"en-US","@id":"https:\/\/pharma-trend.com\/en\/wyss-center-geneva-appoints-erwin-bottinger-as-new-chief-executive-officer\/#primaryimage","url":"https:\/\/mms.businesswire.com\/media\/20230331005252\/en\/1753005\/21\/Erwin_B%C3%B6ttinger_1_Wyss_Center.jpg","contentUrl":"https:\/\/mms.businesswire.com\/media\/20230331005252\/en\/1753005\/21\/Erwin_B%C3%B6ttinger_1_Wyss_Center.jpg"},{"@type":"BreadcrumbList","@id":"https:\/\/pharma-trend.com\/en\/wyss-center-geneva-appoints-erwin-bottinger-as-new-chief-executive-officer\/#breadcrumb","itemListElement":[{"@type":"ListItem","position":1,"name":"Startseite","item":"https:\/\/pharma-trend.com\/en\/"},{"@type":"ListItem","position":2,"name":"Wyss Center Geneva Appoints Erwin B\u00f6ttinger as new Chief Executive Officer"}]},{"@type":"WebSite","@id":"https:\/\/pharma-trend.com\/en\/#website","url":"https:\/\/pharma-trend.com\/en\/","name":"Pharma Trend","description":"","publisher":{"@id":"https:\/\/pharma-trend.com\/en\/#organization"},"potentialAction":[{"@type":"SearchAction","target":{"@type":"EntryPoint","urlTemplate":"https:\/\/pharma-trend.com\/en\/?s={search_term_string}"},"query-input":{"@type":"PropertyValueSpecification","valueRequired":true,"valueName":"search_term_string"}}],"inLanguage":"en-US"},{"@type":"Organization","@id":"https:\/\/pharma-trend.com\/en\/#organization","name":"Pharma Trend","url":"https:\/\/pharma-trend.com\/en\/","logo":{"@type":"ImageObject","inLanguage":"en-US","@id":"https:\/\/pharma-trend.com\/en\/#\/schema\/logo\/image\/","url":"","contentUrl":"","caption":"Pharma Trend"},"image":{"@id":"https:\/\/pharma-trend.com\/en\/#\/schema\/logo\/image\/"}},{"@type":"Person","@id":"https:\/\/pharma-trend.com\/en\/#\/schema\/person\/02d41342c7a74fa7f0032bb35ef0bb24","name":"Business Wire"}]}},"_links":{"self":[{"href":"https:\/\/pharma-trend.com\/en\/wp-json\/wp\/v2\/posts\/55439","targetHints":{"allow":["GET"]}}],"collection":[{"href":"https:\/\/pharma-trend.com\/en\/wp-json\/wp\/v2\/posts"}],"about":[{"href":"https:\/\/pharma-trend.com\/en\/wp-json\/wp\/v2\/types\/post"}],"author":[{"embeddable":true,"href":"https:\/\/pharma-trend.com\/en\/wp-json\/wp\/v2\/users\/4"}],"replies":[{"embeddable":true,"href":"https:\/\/pharma-trend.com\/en\/wp-json\/wp\/v2\/comments?post=55439"}],"version-history":[{"count":0,"href":"https:\/\/pharma-trend.com\/en\/wp-json\/wp\/v2\/posts\/55439\/revisions"}],"wp:attachment":[{"href":"https:\/\/pharma-trend.com\/en\/wp-json\/wp\/v2\/media?parent=55439"}],"wp:term":[{"taxonomy":"category","embeddable":true,"href":"https:\/\/pharma-trend.com\/en\/wp-json\/wp\/v2\/categories?post=55439"},{"taxonomy":"post_tag","embeddable":true,"href":"https:\/\/pharma-trend.com\/en\/wp-json\/wp\/v2\/tags?post=55439"}],"curies":[{"name":"wp","href":"https:\/\/api.w.org\/{rel}","templated":true}]}}